{"next_page_url": null, "rendered_content": "\n    \n<div class=\"grid-item appended\">\n    <div class=\"manage-spacings\">\n        \n            <div class=\"image-container\">\n                \n                    <a href=\"/de/news-mfgz-aktuell/influencerin-auf-schnupperflug/\">\n                \n                    \n\n\n\n\n<picture class=\"lazyloader\" style=\"padding-bottom: calc(333/500*100%);\n\">\n\n    \n\n    <!--[if IE 9]><video style=\"display: none;\"><![endif]-->\n\n    \n    <source\n        data-srcset=\"https://mfgzallink-live-d35e265fc77f4052ae81e7-5a2c15b.aldryn-media.com/filer_public_thumbnails/filer_public/af/61/af619236-a599-40ed-a9c2-f61528d5d7f8/pilot_bambi.jpg__500x333.3333333333333_q72_crop-smart_subsampling-2_upscale.jpg,\n            https://mfgzallink-live-d35e265fc77f4052ae81e7-5a2c15b.aldryn-media.com/filer_public_thumbnails/filer_public/af/61/af619236-a599-40ed-a9c2-f61528d5d7f8/pilot_bambi.jpg__1000x666.6666666666666_q72_crop-smart_subsampling-2_upscale.jpg 2x\"\n        media=\"(min-width:1200px)\"\n        >\n\n    \n    <source\n        data-srcset=\"https://mfgzallink-live-d35e265fc77f4052ae81e7-5a2c15b.aldryn-media.com/filer_public_thumbnails/filer_public/af/61/af619236-a599-40ed-a9c2-f61528d5d7f8/pilot_bambi.jpg__500x333.3333333333333_q72_crop-smart_subsampling-2_upscale.jpg,\n            https://mfgzallink-live-d35e265fc77f4052ae81e7-5a2c15b.aldryn-media.com/filer_public_thumbnails/filer_public/af/61/af619236-a599-40ed-a9c2-f61528d5d7f8/pilot_bambi.jpg__800x533.3333333333334_q72_crop-smart_subsampling-2_upscale.jpg 2x\"\n        media=\"(min-width:576px)\"\n        >\n\n    <!--[if IE 9]></video><![endif]-->\n\n    \n    <img\n        data-srcset=\"https://mfgzallink-live-d35e265fc77f4052ae81e7-5a2c15b.aldryn-media.com/filer_public_thumbnails/filer_public/af/61/af619236-a599-40ed-a9c2-f61528d5d7f8/pilot_bambi.jpg__450x300.0_q72_crop-smart_subsampling-2_upscale.jpg, https://mfgzallink-live-d35e265fc77f4052ae81e7-5a2c15b.aldryn-media.com/filer_public_thumbnails/filer_public/af/61/af619236-a599-40ed-a9c2-f61528d5d7f8/pilot_bambi.jpg__600x400.0_q72_crop-smart_subsampling-2_upscale.jpg 2x\"\n        alt=\"Influencerin auf Schnupperflug\"\n        class=\"lazyload\"\n    >\n\n</picture>\n\n                \n                    </a>\n                \n            </div>\n        \n        \n            <div class=\"text-container\">\n                <p class=\"small\">\n                    22. Oktober 2021\n                </p>\n            </div>\n        \n\n        \n            <div class=\"heading-container\">\n                <h2 class=\"heading\">\n                    Influencerin auf Schnupperflug\n                </h2>\n            </div>\n        \n        \n            <div class=\"text-container\">\n                <p>\n                    Im Sommer bekam die MFGZ Besuch von \u00abPilot Bambi\u00bb. Die erfolgreiche Youtuberin erkundete die Schweiz aus der Luft.\n                </p>\n            </div>\n        \n        \n        \n            <div class=\"link-container\">\n                <a class=\"btn btn-link\" href=\"/de/news-mfgz-aktuell/influencerin-auf-schnupperflug/\">\n                    \n                        Artikel lesen\n                    \n                </a>\n            </div>\n        \n    </div>\n</div>\n\n\n    \n<div class=\"grid-item appended\">\n    <div class=\"manage-spacings\">\n        \n            <div class=\"image-container\">\n                \n                    <a href=\"/de/news-mfgz-aktuell/reise-an-die-atlantikkuste/\">\n                \n                    \n\n\n\n\n<picture class=\"lazyloader\" style=\"padding-bottom: calc(333/500*100%);\n\">\n\n    \n\n    <!--[if IE 9]><video style=\"display: none;\"><![endif]-->\n\n    \n    <source\n        data-srcset=\"https://mfgzallink-live-d35e265fc77f4052ae81e7-5a2c15b.aldryn-media.com/filer_public_thumbnails/filer_public/88/4b/884b1848-8274-4f78-8e7d-dbdb10a95b8a/eft6_flotte.jpg__500x333.3333333333333_q72_crop-smart_subsampling-2_upscale.jpg,\n            https://mfgzallink-live-d35e265fc77f4052ae81e7-5a2c15b.aldryn-media.com/filer_public_thumbnails/filer_public/88/4b/884b1848-8274-4f78-8e7d-dbdb10a95b8a/eft6_flotte.jpg__1000x666.6666666666666_q72_crop-smart_subsampling-2_upscale.jpg 2x\"\n        media=\"(min-width:1200px)\"\n        >\n\n    \n    <source\n        data-srcset=\"https://mfgzallink-live-d35e265fc77f4052ae81e7-5a2c15b.aldryn-media.com/filer_public_thumbnails/filer_public/88/4b/884b1848-8274-4f78-8e7d-dbdb10a95b8a/eft6_flotte.jpg__500x333.3333333333333_q72_crop-smart_subsampling-2_upscale.jpg,\n            https://mfgzallink-live-d35e265fc77f4052ae81e7-5a2c15b.aldryn-media.com/filer_public_thumbnails/filer_public/88/4b/884b1848-8274-4f78-8e7d-dbdb10a95b8a/eft6_flotte.jpg__800x533.3333333333334_q72_crop-smart_subsampling-2_upscale.jpg 2x\"\n        media=\"(min-width:576px)\"\n        >\n\n    <!--[if IE 9]></video><![endif]-->\n\n    \n    <img\n        data-srcset=\"https://mfgzallink-live-d35e265fc77f4052ae81e7-5a2c15b.aldryn-media.com/filer_public_thumbnails/filer_public/88/4b/884b1848-8274-4f78-8e7d-dbdb10a95b8a/eft6_flotte.jpg__450x300.0_q72_crop-smart_subsampling-2_upscale.jpg, https://mfgzallink-live-d35e265fc77f4052ae81e7-5a2c15b.aldryn-media.com/filer_public_thumbnails/filer_public/88/4b/884b1848-8274-4f78-8e7d-dbdb10a95b8a/eft6_flotte.jpg__600x400.0_q72_crop-smart_subsampling-2_upscale.jpg 2x\"\n        alt=\"Reise an die Atlantikk\u00fcste\"\n        class=\"lazyload\"\n    >\n\n</picture>\n\n                \n                    </a>\n                \n            </div>\n        \n        \n            <div class=\"text-container\">\n                <p class=\"small\">\n                    1. Oktober 2021\n                </p>\n            </div>\n        \n\n        \n            <div class=\"heading-container\">\n                <h2 class=\"heading\">\n                    Reise an die Atlantikk\u00fcste\n                </h2>\n            </div>\n        \n        \n            <div class=\"text-container\">\n                <p>\n                    Das European Flight Training im September hatte eigentlich die d\u00e4nischen Inseln zum Ziel. Das Wetter sorgte dann f\u00fcr eine Reise nach Frankreich. Eine tolle Alternative, wie der Reisebericht zeigt. \n                </p>\n            </div>\n        \n        \n        \n            <div class=\"link-container\">\n                <a class=\"btn btn-link\" href=\"/de/news-mfgz-aktuell/reise-an-die-atlantikkuste/\">\n                    \n                        Artikel lesen\n                    \n                </a>\n            </div>\n        \n    </div>\n</div>\n\n\n    \n<div class=\"grid-item appended\">\n    <div class=\"manage-spacings\">\n        \n            <div class=\"image-container\">\n                \n                    <a href=\"/de/news-mfgz-aktuell/fliegen-im-winter/\">\n                \n                    \n\n\n\n\n<picture class=\"lazyloader\" style=\"padding-bottom: calc(333/500*100%);\n\">\n\n    \n\n    <!--[if IE 9]><video style=\"display: none;\"><![endif]-->\n\n    \n    <source\n        data-srcset=\"https://mfgzallink-live-d35e265fc77f4052ae81e7-5a2c15b.aldryn-media.com/filer_public_thumbnails/filer_public/88/c0/88c03a60-f701-434b-882c-12fb64871935/cessna_winter_jan21.jpg__500x333.3333333333333_q72_crop-smart_subsampling-2_upscale.jpg,\n            https://mfgzallink-live-d35e265fc77f4052ae81e7-5a2c15b.aldryn-media.com/filer_public_thumbnails/filer_public/88/c0/88c03a60-f701-434b-882c-12fb64871935/cessna_winter_jan21.jpg__1000x666.6666666666666_q72_crop-smart_subsampling-2_upscale.jpg 2x\"\n        media=\"(min-width:1200px)\"\n        >\n\n    \n    <source\n        data-srcset=\"https://mfgzallink-live-d35e265fc77f4052ae81e7-5a2c15b.aldryn-media.com/filer_public_thumbnails/filer_public/88/c0/88c03a60-f701-434b-882c-12fb64871935/cessna_winter_jan21.jpg__500x333.3333333333333_q72_crop-smart_subsampling-2_upscale.jpg,\n            https://mfgzallink-live-d35e265fc77f4052ae81e7-5a2c15b.aldryn-media.com/filer_public_thumbnails/filer_public/88/c0/88c03a60-f701-434b-882c-12fb64871935/cessna_winter_jan21.jpg__800x533.3333333333334_q72_crop-smart_subsampling-2_upscale.jpg 2x\"\n        media=\"(min-width:576px)\"\n        >\n\n    <!--[if IE 9]></video><![endif]-->\n\n    \n    <img\n        data-srcset=\"https://mfgzallink-live-d35e265fc77f4052ae81e7-5a2c15b.aldryn-media.com/filer_public_thumbnails/filer_public/88/c0/88c03a60-f701-434b-882c-12fb64871935/cessna_winter_jan21.jpg__450x300.0_q72_crop-smart_subsampling-2_upscale.jpg, https://mfgzallink-live-d35e265fc77f4052ae81e7-5a2c15b.aldryn-media.com/filer_public_thumbnails/filer_public/88/c0/88c03a60-f701-434b-882c-12fb64871935/cessna_winter_jan21.jpg__600x400.0_q72_crop-smart_subsampling-2_upscale.jpg 2x\"\n        alt=\"Fliegen im Winter\"\n        class=\"lazyload\"\n    >\n\n</picture>\n\n                \n                    </a>\n                \n            </div>\n        \n        \n            <div class=\"text-container\">\n                <p class=\"small\">\n                    31. Januar 2021\n                </p>\n            </div>\n        \n\n        \n            <div class=\"heading-container\">\n                <h2 class=\"heading\">\n                    Fliegen im Winter\n                </h2>\n            </div>\n        \n        \n            <div class=\"text-container\">\n                <p>\n                    Fl\u00fcge w\u00e4hrend der kalten Monate k\u00f6nnen t\u00fcckisch sein. MFGZ-Fluglehrer J\u00fcrg Walliser erkl\u00e4rt im Video nochmals in Ruhe, woran man alles denken sollte.\u00a0\n                </p>\n            </div>\n        \n        \n        \n            <div class=\"link-container\">\n                <a class=\"btn btn-link\" href=\"/de/news-mfgz-aktuell/fliegen-im-winter/\">\n                    \n                        Artikel lesen\n                    \n                </a>\n            </div>\n        \n    </div>\n</div>\n\n\n    \n<div class=\"grid-item appended\">\n    <div class=\"manage-spacings\">\n        \n            <div class=\"image-container\">\n                \n                    <a href=\"/de/news-mfgz-aktuell/auf-nach-polen/\">\n                \n                    \n\n\n\n\n<picture class=\"lazyloader\" style=\"padding-bottom: calc(333/500*100%);\n\">\n\n    \n\n    <!--[if IE 9]><video style=\"display: none;\"><![endif]-->\n\n    \n    <source\n        data-srcset=\"https://mfgzallink-live-d35e265fc77f4052ae81e7-5a2c15b.aldryn-media.com/filer_public_thumbnails/filer_public/aa/9b/aa9b4485-2d45-4549-b2b6-309d08d90a3d/eft_polen.jpg__500x333.3333333333333_q72_crop-smart_subsampling-2_upscale.jpg,\n            https://mfgzallink-live-d35e265fc77f4052ae81e7-5a2c15b.aldryn-media.com/filer_public_thumbnails/filer_public/aa/9b/aa9b4485-2d45-4549-b2b6-309d08d90a3d/eft_polen.jpg__1000x666.6666666666666_q72_crop-smart_subsampling-2_upscale.jpg 2x\"\n        media=\"(min-width:1200px)\"\n        >\n\n    \n    <source\n        data-srcset=\"https://mfgzallink-live-d35e265fc77f4052ae81e7-5a2c15b.aldryn-media.com/filer_public_thumbnails/filer_public/aa/9b/aa9b4485-2d45-4549-b2b6-309d08d90a3d/eft_polen.jpg__500x333.3333333333333_q72_crop-smart_subsampling-2_upscale.jpg,\n            https://mfgzallink-live-d35e265fc77f4052ae81e7-5a2c15b.aldryn-media.com/filer_public_thumbnails/filer_public/aa/9b/aa9b4485-2d45-4549-b2b6-309d08d90a3d/eft_polen.jpg__800x533.3333333333334_q72_crop-smart_subsampling-2_upscale.jpg 2x\"\n        media=\"(min-width:576px)\"\n        >\n\n    <!--[if IE 9]></video><![endif]-->\n\n    \n    <img\n        data-srcset=\"https://mfgzallink-live-d35e265fc77f4052ae81e7-5a2c15b.aldryn-media.com/filer_public_thumbnails/filer_public/aa/9b/aa9b4485-2d45-4549-b2b6-309d08d90a3d/eft_polen.jpg__450x300.0_q72_crop-smart_subsampling-2_upscale.jpg, https://mfgzallink-live-d35e265fc77f4052ae81e7-5a2c15b.aldryn-media.com/filer_public_thumbnails/filer_public/aa/9b/aa9b4485-2d45-4549-b2b6-309d08d90a3d/eft_polen.jpg__600x400.0_q72_crop-smart_subsampling-2_upscale.jpg 2x\"\n        alt=\"Auf nach Polen\"\n        class=\"lazyload\"\n    >\n\n</picture>\n\n                \n                    </a>\n                \n            </div>\n        \n        \n            <div class=\"text-container\">\n                <p class=\"small\">\n                    26. September 2020\n                </p>\n            </div>\n        \n\n        \n            <div class=\"heading-container\">\n                <h2 class=\"heading\">\n                    Auf nach Polen\n                </h2>\n            </div>\n        \n        \n            <div class=\"text-container\">\n                <p>\n                    Szczecin, Bagicz, Ketrzyn, Wrozlaw. Das war nur vier der vielen Zwischenhalte des European Flight Trainings Mitte August.\n                </p>\n            </div>\n        \n        \n        \n            <div class=\"link-container\">\n                <a class=\"btn btn-link\" href=\"/de/news-mfgz-aktuell/auf-nach-polen/\">\n                    \n                        Artikel lesen\n                    \n                </a>\n            </div>\n        \n    </div>\n</div>\n\n\n    \n<div class=\"grid-item appended\">\n    <div class=\"manage-spacings\">\n        \n            <div class=\"image-container\">\n                \n                    <a href=\"/de/news-mfgz-aktuell/wer-ist-andy-kradolfer/\">\n                \n                    \n\n\n\n\n<picture class=\"lazyloader\" style=\"padding-bottom: calc(333/500*100%);\n\">\n\n    \n\n    <!--[if IE 9]><video style=\"display: none;\"><![endif]-->\n\n    \n    <source\n        data-srcset=\"https://mfgzallink-live-d35e265fc77f4052ae81e7-5a2c15b.aldryn-media.com/filer_public_thumbnails/filer_public/0e/68/0e680a1e-9166-47fc-a7f4-4b09d6f0c866/andy_kradolfer.jpg__500x333.3333333333333_q72_crop-smart_subsampling-2_upscale.jpg,\n            https://mfgzallink-live-d35e265fc77f4052ae81e7-5a2c15b.aldryn-media.com/filer_public_thumbnails/filer_public/0e/68/0e680a1e-9166-47fc-a7f4-4b09d6f0c866/andy_kradolfer.jpg__1000x666.6666666666666_q72_crop-smart_subsampling-2_upscale.jpg 2x\"\n        media=\"(min-width:1200px)\"\n        >\n\n    \n    <source\n        data-srcset=\"https://mfgzallink-live-d35e265fc77f4052ae81e7-5a2c15b.aldryn-media.com/filer_public_thumbnails/filer_public/0e/68/0e680a1e-9166-47fc-a7f4-4b09d6f0c866/andy_kradolfer.jpg__500x333.3333333333333_q72_crop-smart_subsampling-2_upscale.jpg,\n            https://mfgzallink-live-d35e265fc77f4052ae81e7-5a2c15b.aldryn-media.com/filer_public_thumbnails/filer_public/0e/68/0e680a1e-9166-47fc-a7f4-4b09d6f0c866/andy_kradolfer.jpg__800x533.3333333333334_q72_crop-smart_subsampling-2_upscale.jpg 2x\"\n        media=\"(min-width:576px)\"\n        >\n\n    <!--[if IE 9]></video><![endif]-->\n\n    \n    <img\n        data-srcset=\"https://mfgzallink-live-d35e265fc77f4052ae81e7-5a2c15b.aldryn-media.com/filer_public_thumbnails/filer_public/0e/68/0e680a1e-9166-47fc-a7f4-4b09d6f0c866/andy_kradolfer.jpg__450x300.0_q72_crop-smart_subsampling-2_upscale.jpg, https://mfgzallink-live-d35e265fc77f4052ae81e7-5a2c15b.aldryn-media.com/filer_public_thumbnails/filer_public/0e/68/0e680a1e-9166-47fc-a7f4-4b09d6f0c866/andy_kradolfer.jpg__600x400.0_q72_crop-smart_subsampling-2_upscale.jpg 2x\"\n        alt=\"Wer ist... Andy Kradolfer?\"\n        class=\"lazyload\"\n    >\n\n</picture>\n\n                \n                    </a>\n                \n            </div>\n        \n        \n            <div class=\"text-container\">\n                <p class=\"small\">\n                    26. September 2020\n                </p>\n            </div>\n        \n\n        \n            <div class=\"heading-container\">\n                <h2 class=\"heading\">\n                    Wer ist... Andy Kradolfer?\n                </h2>\n            </div>\n        \n        \n            <div class=\"text-container\">\n                <p>\n                    Im Sommer hat Andy Kradolfer die Stelle als MFGZ-Gesch\u00e4ftsf\u00fchrer angetreten. Im Videoportrait erz\u00e4hlt er uns von seinen Zielen und von seinen Erfahrungen als Pilot in Afghanistan und Zambia. \n                </p>\n            </div>\n        \n        \n        \n            <div class=\"link-container\">\n                <a class=\"btn btn-link\" href=\"/de/news-mfgz-aktuell/wer-ist-andy-kradolfer/\">\n                    \n                        Artikel lesen\n                    \n                </a>\n            </div>\n        \n    </div>\n</div>\n\n\n    \n<div class=\"grid-item appended\">\n    <div class=\"manage-spacings\">\n        \n            <div class=\"image-container\">\n                \n                    <a href=\"/de/news-mfgz-aktuell/reisebericht-korsika-toscana/\">\n                \n                    \n\n\n\n\n<picture class=\"lazyloader\" style=\"padding-bottom: calc(333/500*100%);\n\">\n\n    \n\n    <!--[if IE 9]><video style=\"display: none;\"><![endif]-->\n\n    \n    <source\n        data-srcset=\"https://mfgzallink-live-d35e265fc77f4052ae81e7-5a2c15b.aldryn-media.com/filer_public_thumbnails/filer_public/0a/2c/0a2c9afb-4a41-4e9e-be82-7908ccf26380/gruppe_eft_korsika.jpg__500x333.3333333333333_q72_crop-smart_subsampling-2_upscale.jpg,\n            https://mfgzallink-live-d35e265fc77f4052ae81e7-5a2c15b.aldryn-media.com/filer_public_thumbnails/filer_public/0a/2c/0a2c9afb-4a41-4e9e-be82-7908ccf26380/gruppe_eft_korsika.jpg__1000x666.6666666666666_q72_crop-smart_subsampling-2_upscale.jpg 2x\"\n        media=\"(min-width:1200px)\"\n        >\n\n    \n    <source\n        data-srcset=\"https://mfgzallink-live-d35e265fc77f4052ae81e7-5a2c15b.aldryn-media.com/filer_public_thumbnails/filer_public/0a/2c/0a2c9afb-4a41-4e9e-be82-7908ccf26380/gruppe_eft_korsika.jpg__500x333.3333333333333_q72_crop-smart_subsampling-2_upscale.jpg,\n            https://mfgzallink-live-d35e265fc77f4052ae81e7-5a2c15b.aldryn-media.com/filer_public_thumbnails/filer_public/0a/2c/0a2c9afb-4a41-4e9e-be82-7908ccf26380/gruppe_eft_korsika.jpg__800x533.3333333333334_q72_crop-smart_subsampling-2_upscale.jpg 2x\"\n        media=\"(min-width:576px)\"\n        >\n\n    <!--[if IE 9]></video><![endif]-->\n\n    \n    <img\n        data-srcset=\"https://mfgzallink-live-d35e265fc77f4052ae81e7-5a2c15b.aldryn-media.com/filer_public_thumbnails/filer_public/0a/2c/0a2c9afb-4a41-4e9e-be82-7908ccf26380/gruppe_eft_korsika.jpg__450x300.0_q72_crop-smart_subsampling-2_upscale.jpg, https://mfgzallink-live-d35e265fc77f4052ae81e7-5a2c15b.aldryn-media.com/filer_public_thumbnails/filer_public/0a/2c/0a2c9afb-4a41-4e9e-be82-7908ccf26380/gruppe_eft_korsika.jpg__600x400.0_q72_crop-smart_subsampling-2_upscale.jpg 2x\"\n        alt=\"Reisebericht Korsika/Toscana\"\n        class=\"lazyload\"\n    >\n\n</picture>\n\n                \n                    </a>\n                \n            </div>\n        \n        \n            <div class=\"text-container\">\n                <p class=\"small\">\n                    31. Juli 2020\n                </p>\n            </div>\n        \n\n        \n            <div class=\"heading-container\">\n                <h2 class=\"heading\">\n                    Reisebericht Korsika/Toscana\n                </h2>\n            </div>\n        \n        \n            <div class=\"text-container\">\n                <p>\n                    Ende Juni fand das erste European Flight Training EFT nach den Lockerungen der Corona-Massnahmen statt. Die Reise war traumhaft, wie der wunderbare Reisebericht zeigt. \n                </p>\n            </div>\n        \n        \n        \n            <div class=\"link-container\">\n                <a class=\"btn btn-link\" href=\"/de/news-mfgz-aktuell/reisebericht-korsika-toscana/\">\n                    \n                        Artikel lesen\n                    \n                </a>\n            </div>\n        \n    </div>\n</div>\n\n\n    \n<div class=\"grid-item appended\">\n    <div class=\"manage-spacings\">\n        \n            <div class=\"image-container\">\n                \n                    <a href=\"/de/news-mfgz-aktuell/flugschule-nein-privatfluge-ja/\">\n                \n                    \n\n\n\n\n<picture class=\"lazyloader\" style=\"padding-bottom: calc(333/500*100%);\n\">\n\n    \n\n    <!--[if IE 9]><video style=\"display: none;\"><![endif]-->\n\n    \n    <source\n        data-srcset=\"https://mfgzallink-live-d35e265fc77f4052ae81e7-5a2c15b.aldryn-media.com/filer_public_thumbnails/filer_public/6f/c6/6fc69a69-739b-4ee3-ba6b-301c714a33b6/fluglehrer-oliver-moehl.jpg__500x333.3333333333333_q72_crop-smart_subsampling-2_upscale.jpg,\n            https://mfgzallink-live-d35e265fc77f4052ae81e7-5a2c15b.aldryn-media.com/filer_public_thumbnails/filer_public/6f/c6/6fc69a69-739b-4ee3-ba6b-301c714a33b6/fluglehrer-oliver-moehl.jpg__1000x666.6666666666666_q72_crop-smart_subsampling-2_upscale.jpg 2x\"\n        media=\"(min-width:1200px)\"\n        >\n\n    \n    <source\n        data-srcset=\"https://mfgzallink-live-d35e265fc77f4052ae81e7-5a2c15b.aldryn-media.com/filer_public_thumbnails/filer_public/6f/c6/6fc69a69-739b-4ee3-ba6b-301c714a33b6/fluglehrer-oliver-moehl.jpg__500x333.3333333333333_q72_crop-smart_subsampling-2_upscale.jpg,\n            https://mfgzallink-live-d35e265fc77f4052ae81e7-5a2c15b.aldryn-media.com/filer_public_thumbnails/filer_public/6f/c6/6fc69a69-739b-4ee3-ba6b-301c714a33b6/fluglehrer-oliver-moehl.jpg__800x533.3333333333334_q72_crop-smart_subsampling-2_upscale.jpg 2x\"\n        media=\"(min-width:576px)\"\n        >\n\n    <!--[if IE 9]></video><![endif]-->\n\n    \n    <img\n        data-srcset=\"https://mfgzallink-live-d35e265fc77f4052ae81e7-5a2c15b.aldryn-media.com/filer_public_thumbnails/filer_public/6f/c6/6fc69a69-739b-4ee3-ba6b-301c714a33b6/fluglehrer-oliver-moehl.jpg__450x300.0_q72_crop-smart_subsampling-2_upscale.jpg, https://mfgzallink-live-d35e265fc77f4052ae81e7-5a2c15b.aldryn-media.com/filer_public_thumbnails/filer_public/6f/c6/6fc69a69-739b-4ee3-ba6b-301c714a33b6/fluglehrer-oliver-moehl.jpg__600x400.0_q72_crop-smart_subsampling-2_upscale.jpg 2x\"\n        alt=\"Flugschule: nein, Privatfl\u00fcge: ja\"\n        class=\"lazyload\"\n    >\n\n</picture>\n\n                \n                    </a>\n                \n            </div>\n        \n        \n            <div class=\"text-container\">\n                <p class=\"small\">\n                    16. April 2020\n                </p>\n            </div>\n        \n\n        \n            <div class=\"heading-container\">\n                <h2 class=\"heading\">\n                    Flugschule: nein, Privatfl\u00fcge: ja\n                </h2>\n            </div>\n        \n        \n            <div class=\"text-container\">\n                <p>\n                    Flugschulleiter Oliver M\u00f6hl erkl\u00e4rt im Video-Interview, welche Auswirkungen die Coronakrise auf den Flugbetrieb der MFGZ hat.\n                </p>\n            </div>\n        \n        \n        \n            <div class=\"link-container\">\n                <a class=\"btn btn-link\" href=\"/de/news-mfgz-aktuell/flugschule-nein-privatfluge-ja/\">\n                    \n                        Artikel lesen\n                    \n                </a>\n            </div>\n        \n    </div>\n</div>\n\n\n    \n<div class=\"grid-item appended\">\n    <div class=\"manage-spacings\">\n        \n            <div class=\"image-container\">\n                \n                    <a href=\"/de/news-mfgz-aktuell/mfgz-piloten-auf-instagram/\">\n                \n                    \n\n\n\n\n<picture class=\"lazyloader\" style=\"padding-bottom: calc(333/500*100%);\n\">\n\n    \n\n    <!--[if IE 9]><video style=\"display: none;\"><![endif]-->\n\n    \n    <source\n        data-srcset=\"https://mfgzallink-live-d35e265fc77f4052ae81e7-5a2c15b.aldryn-media.com/filer_public_thumbnails/filer_public/93/02/93024cc8-9b33-4eb4-9b83-8b4d15f27113/instagram.jpg__500x333.3333333333333_q72_crop-smart_subsampling-2_upscale.jpg,\n            https://mfgzallink-live-d35e265fc77f4052ae81e7-5a2c15b.aldryn-media.com/filer_public_thumbnails/filer_public/93/02/93024cc8-9b33-4eb4-9b83-8b4d15f27113/instagram.jpg__1000x666.6666666666666_q72_crop-smart_subsampling-2_upscale.jpg 2x\"\n        media=\"(min-width:1200px)\"\n        >\n\n    \n    <source\n        data-srcset=\"https://mfgzallink-live-d35e265fc77f4052ae81e7-5a2c15b.aldryn-media.com/filer_public_thumbnails/filer_public/93/02/93024cc8-9b33-4eb4-9b83-8b4d15f27113/instagram.jpg__500x333.3333333333333_q72_crop-smart_subsampling-2_upscale.jpg,\n            https://mfgzallink-live-d35e265fc77f4052ae81e7-5a2c15b.aldryn-media.com/filer_public_thumbnails/filer_public/93/02/93024cc8-9b33-4eb4-9b83-8b4d15f27113/instagram.jpg__800x533.3333333333334_q72_crop-smart_subsampling-2_upscale.jpg 2x\"\n        media=\"(min-width:576px)\"\n        >\n\n    <!--[if IE 9]></video><![endif]-->\n\n    \n    <img\n        data-srcset=\"https://mfgzallink-live-d35e265fc77f4052ae81e7-5a2c15b.aldryn-media.com/filer_public_thumbnails/filer_public/93/02/93024cc8-9b33-4eb4-9b83-8b4d15f27113/instagram.jpg__450x300.0_q72_crop-smart_subsampling-2_upscale.jpg, https://mfgzallink-live-d35e265fc77f4052ae81e7-5a2c15b.aldryn-media.com/filer_public_thumbnails/filer_public/93/02/93024cc8-9b33-4eb4-9b83-8b4d15f27113/instagram.jpg__600x400.0_q72_crop-smart_subsampling-2_upscale.jpg 2x\"\n        alt=\"MFGZ-Piloten auf Instagram\"\n        class=\"lazyload\"\n    >\n\n</picture>\n\n                \n                    </a>\n                \n            </div>\n        \n        \n            <div class=\"text-container\">\n                <p class=\"small\">\n                    16. April 2020\n                </p>\n            </div>\n        \n\n        \n            <div class=\"heading-container\">\n                <h2 class=\"heading\">\n                    MFGZ-Piloten auf Instagram\n                </h2>\n            </div>\n        \n        \n            <div class=\"text-container\">\n                <p>\n                    Mehr als 500 Beitr\u00e4ge findet man auf Instagram unter dem Hashtag #flymfgz. Wir zeigen, welche MFGZ-Piloten ihre Erlebnisse auf der Onlineplattform teilen\n                </p>\n            </div>\n        \n        \n        \n            <div class=\"link-container\">\n                <a class=\"btn btn-link\" href=\"/de/news-mfgz-aktuell/mfgz-piloten-auf-instagram/\">\n                    \n                        Artikel lesen\n                    \n                </a>\n            </div>\n        \n    </div>\n</div>\n\n\n    \n<div class=\"grid-item appended\">\n    <div class=\"manage-spacings\">\n        \n            <div class=\"image-container\">\n                \n                    <a href=\"/de/news-mfgz-aktuell/alte-bekannte-im-zoo/\">\n                \n                    \n\n\n\n\n<picture class=\"lazyloader\" style=\"padding-bottom: calc(333/500*100%);\n\">\n\n    \n\n    <!--[if IE 9]><video style=\"display: none;\"><![endif]-->\n\n    \n    <source\n        data-srcset=\"https://mfgzallink-live-d35e265fc77f4052ae81e7-5a2c15b.aldryn-media.com/filer_public_thumbnails/filer_public/7b/91/7b91855b-0132-4e50-aab3-8a433bc87466/zoo_cyc.jpg__500x333.3333333333333_q72_crop-smart_subsampling-2_upscale.jpg,\n            https://mfgzallink-live-d35e265fc77f4052ae81e7-5a2c15b.aldryn-media.com/filer_public_thumbnails/filer_public/7b/91/7b91855b-0132-4e50-aab3-8a433bc87466/zoo_cyc.jpg__1000x666.6666666666666_q72_crop-smart_subsampling-2_upscale.jpg 2x\"\n        media=\"(min-width:1200px)\"\n        >\n\n    \n    <source\n        data-srcset=\"https://mfgzallink-live-d35e265fc77f4052ae81e7-5a2c15b.aldryn-media.com/filer_public_thumbnails/filer_public/7b/91/7b91855b-0132-4e50-aab3-8a433bc87466/zoo_cyc.jpg__500x333.3333333333333_q72_crop-smart_subsampling-2_upscale.jpg,\n            https://mfgzallink-live-d35e265fc77f4052ae81e7-5a2c15b.aldryn-media.com/filer_public_thumbnails/filer_public/7b/91/7b91855b-0132-4e50-aab3-8a433bc87466/zoo_cyc.jpg__800x533.3333333333334_q72_crop-smart_subsampling-2_upscale.jpg 2x\"\n        media=\"(min-width:576px)\"\n        >\n\n    <!--[if IE 9]></video><![endif]-->\n\n    \n    <img\n        data-srcset=\"https://mfgzallink-live-d35e265fc77f4052ae81e7-5a2c15b.aldryn-media.com/filer_public_thumbnails/filer_public/7b/91/7b91855b-0132-4e50-aab3-8a433bc87466/zoo_cyc.jpg__450x300.0_q72_crop-smart_subsampling-2_upscale.jpg, https://mfgzallink-live-d35e265fc77f4052ae81e7-5a2c15b.aldryn-media.com/filer_public_thumbnails/filer_public/7b/91/7b91855b-0132-4e50-aab3-8a433bc87466/zoo_cyc.jpg__600x400.0_q72_crop-smart_subsampling-2_upscale.jpg 2x\"\n        alt=\"Alte Bekannte im Zoo\"\n        class=\"lazyload\"\n    >\n\n</picture>\n\n                \n                    </a>\n                \n            </div>\n        \n        \n            <div class=\"text-container\">\n                <p class=\"small\">\n                    29. Februar 2020\n                </p>\n            </div>\n        \n\n        \n            <div class=\"heading-container\">\n                <h2 class=\"heading\">\n                    Alte Bekannte im Zoo\n                </h2>\n            </div>\n        \n        \n            <div class=\"text-container\">\n                <p>\n                    Mag sich noch jemand an die HB-CYC erinnern? Genau, das war die Cessna 172, welche vor einigen Jahren bei einer Landung in Italien irreparabel besch\u00e4digt wurde. Nun hat die ehemalige MFGZ-Maschine eine neue Verwendung gefunden.\n                </p>\n            </div>\n        \n        \n        \n            <div class=\"link-container\">\n                <a class=\"btn btn-link\" href=\"/de/news-mfgz-aktuell/alte-bekannte-im-zoo/\">\n                    \n                        Artikel lesen\n                    \n                </a>\n            </div>\n        \n    </div>\n</div>\n\n\n"}